{"id":6406,"date":"2026-03-31T20:09:05","date_gmt":"2026-03-31T18:09:05","guid":{"rendered":"https:\/\/znojmo.casd.cz\/?p=6406"},"modified":"2026-03-31T20:09:28","modified_gmt":"2026-03-31T18:09:28","slug":"6406","status":"publish","type":"post","link":"https:\/\/znojmo.casd.cz\/?p=6406","title":{"rendered":"Velikonoce 2026"},"content":{"rendered":"<p>Poj\u010fte s n\u00e1mi pro\u017e\u00edt velikono\u010dn\u00ed sv\u00e1tky.<\/p>\n<p><a href=\"http:\/\/znojmo.casd.cz\/wp-content\/uploads\/1-kopie-7-kopie.jpg\"><img loading=\"lazy\" decoding=\"async\" class=\"alignleft size-full wp-image-6402\" src=\"http:\/\/znojmo.casd.cz\/wp-content\/uploads\/1-kopie-7-kopie.jpg\" alt=\"\" width=\"1314\" height=\"697\" srcset=\"https:\/\/znojmo.casd.cz\/wp-content\/uploads\/1-kopie-7-kopie.jpg 1314w, https:\/\/znojmo.casd.cz\/wp-content\/uploads\/1-kopie-7-kopie-300x159.jpg 300w, https:\/\/znojmo.casd.cz\/wp-content\/uploads\/1-kopie-7-kopie-1024x543.jpg 1024w, https:\/\/znojmo.casd.cz\/wp-content\/uploads\/1-kopie-7-kopie-768x407.jpg 768w\" sizes=\"auto, (max-width: 1314px) 100vw, 1314px\" \/><\/a><\/p>\n<p>Pokud se chcete z\u00fa\u010dastnit velikono\u010dn\u00ed ve\u010de\u0159e, kontaktujte pros\u00edm Evu Meiringerovou.&nbsp;<\/p>\n<p>V sobotu budeme slavit Ve\u010de\u0159i P\u00e1n\u011b od 9:00 v hlavn\u00edm s\u00e1le.<\/p>\n<p style=\"text-align: justify;\"><a href=\"http:\/\/znojmo.casd.cz\/wp-content\/uploads\/20.4.25-1007.jpg\"><img loading=\"lazy\" decoding=\"async\" class=\"alignleft size-full wp-image-6403\" src=\"http:\/\/znojmo.casd.cz\/wp-content\/uploads\/20.4.25-1007.jpg\" alt=\"\" width=\"400\" height=\"267\" srcset=\"https:\/\/znojmo.casd.cz\/wp-content\/uploads\/20.4.25-1007.jpg 400w, https:\/\/znojmo.casd.cz\/wp-content\/uploads\/20.4.25-1007-300x200.jpg 300w\" sizes=\"auto, (max-width: 400px) 100vw, 400px\" \/><\/a>V ned\u011bli r\u00e1no se vyd\u00e1me symbolicky k hrobu, podobn\u011b jako \u017eeny, kter\u00e9 \u0161ly pomazat Je\u017e\u00ed\u0161e. Sraz je ji\u017e v 5:30 u L\u00e1zn\u00ed. Spole\u010dn\u011b vyjdeme nad m\u011bsto, kde si p\u0159ipomeneme ud\u00e1losti vzk\u0159\u00ed\u0161en\u00ed, a setk\u00e1n\u00ed zakon\u010d\u00edme kr\u00e1tkou modlitbou vd\u011b\u010dnosti.<\/p>\n","protected":false},"excerpt":{"rendered":"<p>Poj\u010fte s n\u00e1mi pro\u017e\u00edt velikono\u010dn\u00ed sv\u00e1tky. Pokud se chcete z\u00fa\u010dastnit velikono\u010dn\u00ed ve\u010de\u0159e, kontaktujte pros\u00edm Evu Meiringerovou.&nbsp; V sobotu budeme slavit Ve\u010de\u0159i P\u00e1n\u011b od 9:00 v hlavn\u00edm s\u00e1le. V ned\u011bli r\u00e1no se vyd\u00e1me symbolicky k hrobu, podobn\u011b jako \u017eeny, kter\u00e9 \u0161ly &hellip; <a href=\"https:\/\/znojmo.casd.cz\/?p=6406\">Cel\u00fd p\u0159\u00edsp\u011bvek <span class=\"meta-nav\">&rarr;<\/span><\/a><\/p>\n","protected":false},"author":1,"featured_media":0,"comment_status":"closed","ping_status":"closed","sticky":false,"template":"","format":"standard","meta":{"ngg_post_thumbnail":0,"footnotes":""},"categories":[1],"tags":[],"class_list":["post-6406","post","type-post","status-publish","format-standard","hentry","category-nezarazene"],"_links":{"self":[{"href":"https:\/\/znojmo.casd.cz\/index.php?rest_route=\/wp\/v2\/posts\/6406","targetHints":{"allow":["GET"]}}],"collection":[{"href":"https:\/\/znojmo.casd.cz\/index.php?rest_route=\/wp\/v2\/posts"}],"about":[{"href":"https:\/\/znojmo.casd.cz\/index.php?rest_route=\/wp\/v2\/types\/post"}],"author":[{"embeddable":true,"href":"https:\/\/znojmo.casd.cz\/index.php?rest_route=\/wp\/v2\/users\/1"}],"replies":[{"embeddable":true,"href":"https:\/\/znojmo.casd.cz\/index.php?rest_route=%2Fwp%2Fv2%2Fcomments&post=6406"}],"version-history":[{"count":2,"href":"https:\/\/znojmo.casd.cz\/index.php?rest_route=\/wp\/v2\/posts\/6406\/revisions"}],"predecessor-version":[{"id":6408,"href":"https:\/\/znojmo.casd.cz\/index.php?rest_route=\/wp\/v2\/posts\/6406\/revisions\/6408"}],"wp:attachment":[{"href":"https:\/\/znojmo.casd.cz\/index.php?rest_route=%2Fwp%2Fv2%2Fmedia&parent=6406"}],"wp:term":[{"taxonomy":"category","embeddable":true,"href":"https:\/\/znojmo.casd.cz\/index.php?rest_route=%2Fwp%2Fv2%2Fcategories&post=6406"},{"taxonomy":"post_tag","embeddable":true,"href":"https:\/\/znojmo.casd.cz\/index.php?rest_route=%2Fwp%2Fv2%2Ftags&post=6406"}],"curies":[{"name":"wp","href":"https:\/\/api.w.org\/{rel}","templated":true}]}}