{"id":3701,"date":"2021-10-02T16:01:49","date_gmt":"2021-10-02T14:01:49","guid":{"rendered":"https:\/\/znojmo.casd.cz\/?p=3701"},"modified":"2021-10-02T16:01:49","modified_gmt":"2021-10-02T14:01:49","slug":"ohlednuti","status":"publish","type":"post","link":"https:\/\/znojmo.casd.cz\/?p=3701","title":{"rendered":"Ohl\u00e9dnut\u00ed"},"content":{"rendered":"\n<p><a href=\"https:\/\/znojmo.casd.cz\/?attachment_id=3700\" rel=\"attachment wp-att-3700\"><img loading=\"lazy\" decoding=\"async\" class=\"alignright size-full wp-image-3700\" src=\"http:\/\/znojmo.casd.cz\/wp-content\/uploads\/25.9.21-1193.jpg\" alt=\"\" width=\"400\" height=\"267\" srcset=\"https:\/\/znojmo.casd.cz\/wp-content\/uploads\/25.9.21-1193.jpg 400w, https:\/\/znojmo.casd.cz\/wp-content\/uploads\/25.9.21-1193-300x200.jpg 300w\" sizes=\"auto, (max-width: 400px) 100vw, 400px\" \/><\/a>Minulou sobotu nastala v&nbsp;na\u0161em sboru ta chv\u00edle, kter\u00e1 jednou p\u0159ij\u00edt musela. V\u00fdm\u011bna kazatele. Lehko se to \u0159ekne, ale kus \u017eivota jsme spolu pro\u017eili, proto se n\u00e1m nelou\u010dilo s&nbsp;Dym\u00e1\u010dkov\u00fdmi lehce. Za ten \u010das u\u017e pat\u0159\u00ed do na\u0161eho sboru, na\u0161t\u011bst\u00ed to k&nbsp;n\u00e1m z&nbsp;Ivan\u010dic nebudou m\u00edt tak daleko. Jsme r\u00e1di, \u017ee p\u0159ich\u00e1z\u00ed dal\u0161\u00ed kazatelsk\u00e1 rodina Dym\u00e1\u010dk\u016f. Na fotky ze soboty se m\u016f\u017eete <a href=\"https:\/\/photos.app.goo.gl\/CgsBZ8DVvuzGHWnE8\">pod\u00edvat zde.<\/a> Videoz\u00e1znam je mo\u017eno <a href=\"https:\/\/youtu.be\/KGlQOj2Ks6A\">zhl\u00e9dnou tady<\/a>. Po slavnostn\u00edm k\u00e1z\u00e1n\u00ed n\u00e1sledovalo pod\u011bkov\u00e1n\u00ed a pov\u011b\u0159en\u00ed nov\u00e9ho kazatele p\u00e9\u010d\u00ed o na\u0161e sbory. Spole\u010dnou odpoledn\u00ed vych\u00e1zkou do star\u00e9ho m\u011bsta na\u0161e setk\u00e1n\u00ed vyvrcholilo. Jedn\u011bm Dym\u00e1\u010dk\u016fm moc d\u011bkujeme a druh\u00fdm p\u0159ejeme, aby se mezi n\u00e1mi c\u00edtili jako doma. V\u0161ichni jsme v&nbsp;Bo\u017e\u00edch rukou i na\u0161e sbory m\u00e1 ve sv\u00e9 p\u00e9\u010di a jeho l\u00e1ska k\u00e9\u017e n\u00e1s v\u0161echny prov\u00e1z\u00ed.<\/p>\n","protected":false},"excerpt":{"rendered":"<p>Minulou sobotu nastala v&nbsp;na\u0161em sboru ta chv\u00edle, kter\u00e1 jednou p\u0159ij\u00edt musela. V\u00fdm\u011bna kazatele. Lehko se to \u0159ekne, ale kus \u017eivota jsme spolu pro\u017eili, proto se n\u00e1m nelou\u010dilo s&nbsp;Dym\u00e1\u010dkov\u00fdmi lehce. Za ten \u010das u\u017e pat\u0159\u00ed do na\u0161eho sboru, na\u0161t\u011bst\u00ed to k&nbsp;n\u00e1m &hellip; <a href=\"https:\/\/znojmo.casd.cz\/?p=3701\">Cel\u00fd p\u0159\u00edsp\u011bvek <span class=\"meta-nav\">&rarr;<\/span><\/a><\/p>\n","protected":false},"author":1,"featured_media":0,"comment_status":"closed","ping_status":"","sticky":false,"template":"","format":"standard","meta":{"ngg_post_thumbnail":0,"footnotes":""},"categories":[1],"tags":[],"class_list":["post-3701","post","type-post","status-publish","format-standard","hentry","category-nezarazene"],"_links":{"self":[{"href":"https:\/\/znojmo.casd.cz\/index.php?rest_route=\/wp\/v2\/posts\/3701","targetHints":{"allow":["GET"]}}],"collection":[{"href":"https:\/\/znojmo.casd.cz\/index.php?rest_route=\/wp\/v2\/posts"}],"about":[{"href":"https:\/\/znojmo.casd.cz\/index.php?rest_route=\/wp\/v2\/types\/post"}],"author":[{"embeddable":true,"href":"https:\/\/znojmo.casd.cz\/index.php?rest_route=\/wp\/v2\/users\/1"}],"replies":[{"embeddable":true,"href":"https:\/\/znojmo.casd.cz\/index.php?rest_route=%2Fwp%2Fv2%2Fcomments&post=3701"}],"version-history":[{"count":1,"href":"https:\/\/znojmo.casd.cz\/index.php?rest_route=\/wp\/v2\/posts\/3701\/revisions"}],"predecessor-version":[{"id":3702,"href":"https:\/\/znojmo.casd.cz\/index.php?rest_route=\/wp\/v2\/posts\/3701\/revisions\/3702"}],"wp:attachment":[{"href":"https:\/\/znojmo.casd.cz\/index.php?rest_route=%2Fwp%2Fv2%2Fmedia&parent=3701"}],"wp:term":[{"taxonomy":"category","embeddable":true,"href":"https:\/\/znojmo.casd.cz\/index.php?rest_route=%2Fwp%2Fv2%2Fcategories&post=3701"},{"taxonomy":"post_tag","embeddable":true,"href":"https:\/\/znojmo.casd.cz\/index.php?rest_route=%2Fwp%2Fv2%2Ftags&post=3701"}],"curies":[{"name":"wp","href":"https:\/\/api.w.org\/{rel}","templated":true}]}}