{"id":3679,"date":"2021-09-20T10:02:13","date_gmt":"2021-09-20T08:02:13","guid":{"rendered":"https:\/\/znojmo.casd.cz\/?p=3679"},"modified":"2021-10-01T22:35:22","modified_gmt":"2021-10-01T20:35:22","slug":"sobota-25-zari","status":"publish","type":"post","link":"https:\/\/znojmo.casd.cz\/?p=3679","title":{"rendered":"Sobota 25. z\u00e1\u0159\u00ed"},"content":{"rendered":"\n<p><a href=\"https:\/\/znojmo.casd.cz\/?attachment_id=3678\" rel=\"attachment wp-att-3678\"><img loading=\"lazy\" decoding=\"async\" class=\"alignleft size-full wp-image-3678\" src=\"http:\/\/znojmo.casd.cz\/wp-content\/uploads\/11921-1025.jpg\" alt=\"\" width=\"400\" height=\"267\" srcset=\"https:\/\/znojmo.casd.cz\/wp-content\/uploads\/11921-1025.jpg 400w, https:\/\/znojmo.casd.cz\/wp-content\/uploads\/11921-1025-300x200.jpg 300w\" sizes=\"auto, (max-width: 400px) 100vw, 400px\" \/><\/a>V sobotu &nbsp;25.&nbsp; z\u00e1\u0159\u00ed n\u00e1\u0161 sbor \u010dek\u00e1 slavnostn\u00ed bohoslu\u017eba. Budeme se lou\u010dit s na\u0161\u00edm kazatelem Janem Dym\u00e1\u010dkem a v\u00edtat nov\u00e9ho kazatele Tom\u00e1\u0161e Dym\u00e1\u010dka. Za\u010d\u00edn\u00e1me v 9.00 hodin. Prob\u011bhne kr\u00e1tk\u00e1 sobotn\u00ed \u0161kola, k\u00e1z\u00e1n\u00ed a pak u\u017e bude prostor pro na\u0161e lou\u010den\u00ed a v\u00edt\u00e1n\u00ed. V\u0161ichni jste zv\u00e1ni. Po skon\u010den\u00ed je\u0161t\u011b chvilku z\u016fstaneme u drobn\u00e9ho ob\u010derstven\u00ed a dle po\u010das\u00ed, p\u016fjdeme na spole\u010dnou vych\u00e1zku do star\u00e9ho m\u011bsta. Z bohoslu\u017eby bude op\u011bt p\u0159enos, odkaz pod \u010dl\u00e1nkem. Jak jste mo\u017en\u00e1 v sobotu sly\u0161eli v ozn\u00e1men\u00ed, Tom\u00e1\u0161 chce spolu s Jendou a s n\u00e1mi pro\u017e\u00edt t\u00fdden modliteb od 26. z\u00e1\u0159\u00ed.<\/p>\n<p>&nbsp;Cituji z&nbsp;jeho \u00favodu: Ka\u017ed\u00e1 zm\u011bna, kter\u00e1 v \u017eivot\u011b na\u0161eho spole\u010denstv\u00ed p\u0159ich\u00e1z\u00ed je v\u017edy nov\u00e1 p\u0159\u00edle\u017eitost k modlitb\u00e1m, aby B\u016fh op\u011bt nasm\u011broval n\u00e1\u0161 \u017eivot podle sv\u00fdch pl\u00e1n\u016f. V sou\u010dasn\u00e9 dob\u011b n\u00e1s \u010dekaj\u00ed p\u0159edev\u0161\u00edm person\u00e1ln\u00ed zm\u011bny a nov\u00e9 nastavov\u00e1n\u00ed vz\u00e1jemn\u00e9 spolupr\u00e1ce. P\u0159\u00e1li bychom si nechat se v tom v\u0161em v\u00e9st Duchem a budovat spolupr\u00e1ci p\u0159edev\u0161\u00edm s N\u00edm. P\u0159ijm\u011bte proto pozv\u00e1n\u00ed na spole\u010dn\u00e1 setk\u00e1n\u00ed u modlitby.&nbsp;<\/p>\n<p>Tolik Tom\u00e1\u0161, a j\u00e1 v\u011b\u0159\u00edm, \u017ee ur\u010dit\u011b na spole\u010dn\u00fdch setk\u00e1n\u00edch nebudete chyb\u011bt. Podrobnosti na pozv\u00e1nce. <a href=\"https:\/\/bit.ly\/tyden-modliteb\">Kliknut\u00edm na tento odkaz<\/a> se m\u016f\u017eete p\u0159ipojit p\u0159i online modlitebn\u00edm&nbsp; setk\u00e1n\u00ed.<\/p>\n<p><a href=\"https:\/\/znojmo.casd.cz\/?attachment_id=3677\" rel=\"attachment wp-att-3677\"><img loading=\"lazy\" decoding=\"async\" class=\"aligncenter size-full wp-image-3677\" src=\"http:\/\/znojmo.casd.cz\/wp-content\/uploads\/Vystrizek.jpg\" alt=\"\" width=\"657\" height=\"926\" srcset=\"https:\/\/znojmo.casd.cz\/wp-content\/uploads\/Vystrizek.jpg 657w, https:\/\/znojmo.casd.cz\/wp-content\/uploads\/Vystrizek-213x300.jpg 213w\" sizes=\"auto, (max-width: 657px) 100vw, 657px\" \/><\/a><\/p>\n<p><iframe loading=\"lazy\" title=\"Bohoslu\u017eba - 25.9.2021\" width=\"640\" height=\"360\" src=\"https:\/\/www.youtube.com\/embed\/KGlQOj2Ks6A?feature=oembed\" frameborder=\"0\" allow=\"accelerometer; autoplay; clipboard-write; encrypted-media; gyroscope; picture-in-picture; web-share\" referrerpolicy=\"strict-origin-when-cross-origin\" allowfullscreen><\/iframe><\/p>\n<p>&nbsp;<\/p>\n","protected":false},"excerpt":{"rendered":"<p>V sobotu &nbsp;25.&nbsp; z\u00e1\u0159\u00ed n\u00e1\u0161 sbor \u010dek\u00e1 slavnostn\u00ed bohoslu\u017eba. Budeme se lou\u010dit s na\u0161\u00edm kazatelem Janem Dym\u00e1\u010dkem a v\u00edtat nov\u00e9ho kazatele Tom\u00e1\u0161e Dym\u00e1\u010dka. Za\u010d\u00edn\u00e1me v 9.00 hodin. Prob\u011bhne kr\u00e1tk\u00e1 sobotn\u00ed \u0161kola, k\u00e1z\u00e1n\u00ed a pak u\u017e bude prostor pro na\u0161e lou\u010den\u00ed &hellip; <a href=\"https:\/\/znojmo.casd.cz\/?p=3679\">Cel\u00fd p\u0159\u00edsp\u011bvek <span class=\"meta-nav\">&rarr;<\/span><\/a><\/p>\n","protected":false},"author":1,"featured_media":0,"comment_status":"closed","ping_status":"","sticky":false,"template":"","format":"standard","meta":{"ngg_post_thumbnail":0,"footnotes":""},"categories":[1],"tags":[],"class_list":["post-3679","post","type-post","status-publish","format-standard","hentry","category-nezarazene"],"_links":{"self":[{"href":"https:\/\/znojmo.casd.cz\/index.php?rest_route=\/wp\/v2\/posts\/3679","targetHints":{"allow":["GET"]}}],"collection":[{"href":"https:\/\/znojmo.casd.cz\/index.php?rest_route=\/wp\/v2\/posts"}],"about":[{"href":"https:\/\/znojmo.casd.cz\/index.php?rest_route=\/wp\/v2\/types\/post"}],"author":[{"embeddable":true,"href":"https:\/\/znojmo.casd.cz\/index.php?rest_route=\/wp\/v2\/users\/1"}],"replies":[{"embeddable":true,"href":"https:\/\/znojmo.casd.cz\/index.php?rest_route=%2Fwp%2Fv2%2Fcomments&post=3679"}],"version-history":[{"count":4,"href":"https:\/\/znojmo.casd.cz\/index.php?rest_route=\/wp\/v2\/posts\/3679\/revisions"}],"predecessor-version":[{"id":3699,"href":"https:\/\/znojmo.casd.cz\/index.php?rest_route=\/wp\/v2\/posts\/3679\/revisions\/3699"}],"wp:attachment":[{"href":"https:\/\/znojmo.casd.cz\/index.php?rest_route=%2Fwp%2Fv2%2Fmedia&parent=3679"}],"wp:term":[{"taxonomy":"category","embeddable":true,"href":"https:\/\/znojmo.casd.cz\/index.php?rest_route=%2Fwp%2Fv2%2Fcategories&post=3679"},{"taxonomy":"post_tag","embeddable":true,"href":"https:\/\/znojmo.casd.cz\/index.php?rest_route=%2Fwp%2Fv2%2Ftags&post=3679"}],"curies":[{"name":"wp","href":"https:\/\/api.w.org\/{rel}","templated":true}]}}