{"id":3636,"date":"2021-09-04T22:49:31","date_gmt":"2021-09-04T20:49:31","guid":{"rendered":"https:\/\/znojmo.casd.cz\/?p=3636"},"modified":"2021-09-04T23:11:56","modified_gmt":"2021-09-04T21:11:56","slug":"louceni","status":"publish","type":"post","link":"https:\/\/znojmo.casd.cz\/?p=3636","title":{"rendered":"Lou\u010den\u00ed"},"content":{"rendered":"\n<p><a href=\"https:\/\/znojmo.casd.cz\/?attachment_id=3574\" rel=\"attachment wp-att-3574\"><img loading=\"lazy\" decoding=\"async\" class=\"aligncenter size-full wp-image-3574\" src=\"http:\/\/znojmo.casd.cz\/wp-content\/uploads\/s-1040.jpg\" alt=\"\" width=\"650\" height=\"338\" srcset=\"https:\/\/znojmo.casd.cz\/wp-content\/uploads\/s-1040.jpg 650w, https:\/\/znojmo.casd.cz\/wp-content\/uploads\/s-1040-300x156.jpg 300w\" sizes=\"auto, (max-width: 650px) 100vw, 650px\" \/><\/a>Minulou sobotu jsme se rozlou\u010dili s rodinou \u0160imkov\u00fdch a pod\u011bkovali jim za spolupr\u00e1ci v na\u0161em sborov\u00e9m spole\u010denstv\u00ed. Bratr Pavel s rodinou odch\u00e1z\u00ed do Fr\u00fddlantu, kde bude p\u016fsobit jako kazatel. Na fotky ze setk\u00e1n\u00ed se m\u016f\u017eete <a href=\"https:\/\/photos.app.goo.gl\/zSSs6khZgRmR9A3d7\">pod\u00edvat zde. <\/a>&nbsp;Pro\u017eili jsme s nimi mnoho kr\u00e1sn\u00fdch chvil, na kter\u00e9 budeme r\u00e1di vzpom\u00ednat a n\u011bkter\u00e9 jsme si spole\u010dn\u011b p\u0159ipomn\u011bli obrazem, p\u00edsn\u00ed i b\u00edl\u00fdm kapesn\u00ed\u010dkem, kdy\u017e jsme jim obrazn\u011b zam\u00e1vali na cestu. Jejich pobyt v na\u0161em sboru n\u00e1s vz\u00e1jemn\u011b obohatil. Na\u0161e cesty se sice rozch\u00e1z\u00ed, ale to siln\u00e9, co n\u00e1s spojuje z\u016fst\u00e1v\u00e1, a t\u00edm je n\u00e1\u0161 spole\u010dn\u00fd p\u0159\u00edtel Je\u017e\u00ed\u0161 Kristus, Syn Boha \u017eiv\u00e9ho, jak dod\u00e1v\u00e1 apo\u0161tol Petr. P\u0159ejeme V\u00e1m v\u0161em Bo\u017e\u00ed po\u017eehn\u00e1n\u00ed a l\u00e1sku, kter\u00e1 v\u0161echno spojuje k dokonalosti (Kolosk\u00fdm 3:14).<\/p>\n","protected":false},"excerpt":{"rendered":"<p>Minulou sobotu jsme se rozlou\u010dili s rodinou \u0160imkov\u00fdch a pod\u011bkovali jim za spolupr\u00e1ci v na\u0161em sborov\u00e9m spole\u010denstv\u00ed. Bratr Pavel s rodinou odch\u00e1z\u00ed do Fr\u00fddlantu, kde bude p\u016fsobit jako kazatel. Na fotky ze setk\u00e1n\u00ed se m\u016f\u017eete pod\u00edvat zde. &nbsp;Pro\u017eili jsme s &hellip; <a href=\"https:\/\/znojmo.casd.cz\/?p=3636\">Cel\u00fd p\u0159\u00edsp\u011bvek <span class=\"meta-nav\">&rarr;<\/span><\/a><\/p>\n","protected":false},"author":1,"featured_media":0,"comment_status":"closed","ping_status":"","sticky":false,"template":"","format":"standard","meta":{"ngg_post_thumbnail":0,"footnotes":""},"categories":[1],"tags":[],"class_list":["post-3636","post","type-post","status-publish","format-standard","hentry","category-nezarazene"],"_links":{"self":[{"href":"https:\/\/znojmo.casd.cz\/index.php?rest_route=\/wp\/v2\/posts\/3636","targetHints":{"allow":["GET"]}}],"collection":[{"href":"https:\/\/znojmo.casd.cz\/index.php?rest_route=\/wp\/v2\/posts"}],"about":[{"href":"https:\/\/znojmo.casd.cz\/index.php?rest_route=\/wp\/v2\/types\/post"}],"author":[{"embeddable":true,"href":"https:\/\/znojmo.casd.cz\/index.php?rest_route=\/wp\/v2\/users\/1"}],"replies":[{"embeddable":true,"href":"https:\/\/znojmo.casd.cz\/index.php?rest_route=%2Fwp%2Fv2%2Fcomments&post=3636"}],"version-history":[{"count":4,"href":"https:\/\/znojmo.casd.cz\/index.php?rest_route=\/wp\/v2\/posts\/3636\/revisions"}],"predecessor-version":[{"id":3643,"href":"https:\/\/znojmo.casd.cz\/index.php?rest_route=\/wp\/v2\/posts\/3636\/revisions\/3643"}],"wp:attachment":[{"href":"https:\/\/znojmo.casd.cz\/index.php?rest_route=%2Fwp%2Fv2%2Fmedia&parent=3636"}],"wp:term":[{"taxonomy":"category","embeddable":true,"href":"https:\/\/znojmo.casd.cz\/index.php?rest_route=%2Fwp%2Fv2%2Fcategories&post=3636"},{"taxonomy":"post_tag","embeddable":true,"href":"https:\/\/znojmo.casd.cz\/index.php?rest_route=%2Fwp%2Fv2%2Ftags&post=3636"}],"curies":[{"name":"wp","href":"https:\/\/api.w.org\/{rel}","templated":true}]}}