{"id":2266,"date":"2018-01-21T19:55:47","date_gmt":"2018-01-21T18:55:47","guid":{"rendered":"http:\/\/znojmo.casd.cz\/?p=2266"},"modified":"2018-01-21T19:57:15","modified_gmt":"2018-01-21T18:57:15","slug":"krest-2","status":"publish","type":"post","link":"https:\/\/znojmo.casd.cz\/?p=2266","title":{"rendered":"K\u0159est"},"content":{"rendered":"<p style=\"text-align: justify;\"><a href=\"http:\/\/znojmo.casd.cz\/?attachment_id=2264\" rel=\"attachment wp-att-2264\"><img loading=\"lazy\" decoding=\"async\" class=\"alignright size-full wp-image-2264\" src=\"http:\/\/znojmo.casd.cz\/wp-content\/uploads\/19.1.18-1080.jpg\" alt=\"\" width=\"400\" height=\"267\" srcset=\"https:\/\/znojmo.casd.cz\/wp-content\/uploads\/19.1.18-1080.jpg 400w, https:\/\/znojmo.casd.cz\/wp-content\/uploads\/19.1.18-1080-300x200.jpg 300w\" sizes=\"auto, (max-width: 400px) 100vw, 400px\" \/><\/a>My lid\u00e9 d\u011bl\u00e1me v&nbsp;\u017eivot\u011b mnoho d\u016fle\u017eit\u00fdch rozhodnut\u00ed. Pravdou je, \u017ee v\u00edc jich b\u00fdv\u00e1 v&nbsp;ml\u00e1d\u00ed, ale stejn\u011b jsme na ka\u017ed\u00fd den postaveni p\u0159ed novou volbu, nap\u0159. jak pro\u017eijeme den, kter\u00fd pr\u00e1v\u011b za\u010d\u00edn\u00e1? To je na n\u00e1s. D\u016fle\u017eit\u00fd den \u010dekal Rom\u010du v&nbsp;p\u00e1tek 19. ledna, rozhodla se nechat pok\u0159t\u00edt v&nbsp;na\u0161em sboru. <a href=\"https:\/\/photos.app.goo.gl\/2Y1Lqwvqw5ss54jE3\">Fotky zde.<\/a> Na n\u00e1s ostatn\u00edch bylo, jestli ji p\u0159ijdeme podpo\u0159it a to se poda\u0159ilo. Spole\u010dn\u011b jsme pro\u017eili kr\u00e1sn\u00fd ve\u010der napln\u011bn\u00fd p\u00edsn\u011bmi, vd\u011b\u010dnost\u00ed a odhodl\u00e1n\u00edm Rom\u010di vykro\u010dit k\u0159tem do nov\u00e9ho \u017eivota s&nbsp;Bohem. To rozhodnut\u00ed je skv\u011bl\u00e9 a naka\u017eliv\u00e9, nechcete to zkusit tak\u00e9?<\/p>\n<p>&nbsp;<\/p>\n","protected":false},"excerpt":{"rendered":"<p>My lid\u00e9 d\u011bl\u00e1me v&nbsp;\u017eivot\u011b mnoho d\u016fle\u017eit\u00fdch rozhodnut\u00ed. Pravdou je, \u017ee v\u00edc jich b\u00fdv\u00e1 v&nbsp;ml\u00e1d\u00ed, ale stejn\u011b jsme na ka\u017ed\u00fd den postaveni p\u0159ed novou volbu, nap\u0159. jak pro\u017eijeme den, kter\u00fd pr\u00e1v\u011b za\u010d\u00edn\u00e1? To je na n\u00e1s. D\u016fle\u017eit\u00fd den \u010dekal Rom\u010du v&nbsp;p\u00e1tek &hellip; <a href=\"https:\/\/znojmo.casd.cz\/?p=2266\">Cel\u00fd p\u0159\u00edsp\u011bvek <span class=\"meta-nav\">&rarr;<\/span><\/a><\/p>\n","protected":false},"author":1,"featured_media":0,"comment_status":"closed","ping_status":"open","sticky":false,"template":"","format":"standard","meta":{"ngg_post_thumbnail":0,"footnotes":""},"categories":[1],"tags":[],"class_list":["post-2266","post","type-post","status-publish","format-standard","hentry","category-nezarazene"],"_links":{"self":[{"href":"https:\/\/znojmo.casd.cz\/index.php?rest_route=\/wp\/v2\/posts\/2266","targetHints":{"allow":["GET"]}}],"collection":[{"href":"https:\/\/znojmo.casd.cz\/index.php?rest_route=\/wp\/v2\/posts"}],"about":[{"href":"https:\/\/znojmo.casd.cz\/index.php?rest_route=\/wp\/v2\/types\/post"}],"author":[{"embeddable":true,"href":"https:\/\/znojmo.casd.cz\/index.php?rest_route=\/wp\/v2\/users\/1"}],"replies":[{"embeddable":true,"href":"https:\/\/znojmo.casd.cz\/index.php?rest_route=%2Fwp%2Fv2%2Fcomments&post=2266"}],"version-history":[{"count":3,"href":"https:\/\/znojmo.casd.cz\/index.php?rest_route=\/wp\/v2\/posts\/2266\/revisions"}],"predecessor-version":[{"id":2269,"href":"https:\/\/znojmo.casd.cz\/index.php?rest_route=\/wp\/v2\/posts\/2266\/revisions\/2269"}],"wp:attachment":[{"href":"https:\/\/znojmo.casd.cz\/index.php?rest_route=%2Fwp%2Fv2%2Fmedia&parent=2266"}],"wp:term":[{"taxonomy":"category","embeddable":true,"href":"https:\/\/znojmo.casd.cz\/index.php?rest_route=%2Fwp%2Fv2%2Fcategories&post=2266"},{"taxonomy":"post_tag","embeddable":true,"href":"https:\/\/znojmo.casd.cz\/index.php?rest_route=%2Fwp%2Fv2%2Ftags&post=2266"}],"curies":[{"name":"wp","href":"https:\/\/api.w.org\/{rel}","templated":true}]}}