{"id":2195,"date":"2017-12-24T16:44:42","date_gmt":"2017-12-24T15:44:42","guid":{"rendered":"http:\/\/znojmo.casd.cz\/?p=2195"},"modified":"2017-12-24T16:45:17","modified_gmt":"2017-12-24T15:45:17","slug":"m-e-k-a","status":"publish","type":"post","link":"https:\/\/znojmo.casd.cz\/?p=2195","title":{"rendered":"M.E.K.A."},"content":{"rendered":"<p style=\"text-align: justify;\"><a href=\"http:\/\/znojmo.casd.cz\/?attachment_id=2194\" rel=\"attachment wp-att-2194\"><img loading=\"lazy\" decoding=\"async\" class=\"alignleft size-full wp-image-2194\" src=\"http:\/\/znojmo.casd.cz\/wp-content\/uploads\/16.12.17-1018.jpg\" alt=\"\" width=\"400\" height=\"267\" srcset=\"https:\/\/znojmo.casd.cz\/wp-content\/uploads\/16.12.17-1018.jpg 400w, https:\/\/znojmo.casd.cz\/wp-content\/uploads\/16.12.17-1018-300x200.jpg 300w\" sizes=\"auto, (max-width: 400px) 100vw, 400px\" \/><\/a>V&nbsp;na\u0161em sboru se uskute\u010dnilo p\u0159edv\u00e1no\u010dn\u00ed setk\u00e1n\u00ed, jako pod\u011bkov\u00e1n\u00ed v\u0161em dobrovoln\u00edk\u016fm z&nbsp;DC ADRA Znojmo a \u010dlen\u016fm sboru CASD Znojmo, p\u0159ijela skupina M.E.K.A. se sv\u00fdm v\u00e1no\u010dn\u00edm programem. <a href=\"https:\/\/photos.app.goo.gl\/mUHINNDMmmCUIAyJ3\">Fotky ke shl\u00e9dnut\u00ed zde.<\/a> Koncert se nesl v&nbsp;p\u0159\u00edjemn\u00e9 p\u0159edv\u00e1no\u010dn\u00ed atmosf\u00e9\u0159e a p\u0159ipomn\u011bl n\u00e1m v\u0161em hodnoty k\u0159es\u0165anstv\u00ed. Plno p\u0159\u00edjemn\u00fdch p\u00edsn\u00ed n\u00e1s obohatilo a vneslo pohodu do adventn\u00edho \u010dasu. Skupin\u011b M.E.K.A. d\u011bkujeme.<\/p>\n","protected":false},"excerpt":{"rendered":"<p>V&nbsp;na\u0161em sboru se uskute\u010dnilo p\u0159edv\u00e1no\u010dn\u00ed setk\u00e1n\u00ed, jako pod\u011bkov\u00e1n\u00ed v\u0161em dobrovoln\u00edk\u016fm z&nbsp;DC ADRA Znojmo a \u010dlen\u016fm sboru CASD Znojmo, p\u0159ijela skupina M.E.K.A. se sv\u00fdm v\u00e1no\u010dn\u00edm programem. Fotky ke shl\u00e9dnut\u00ed zde. Koncert se nesl v&nbsp;p\u0159\u00edjemn\u00e9 p\u0159edv\u00e1no\u010dn\u00ed atmosf\u00e9\u0159e a p\u0159ipomn\u011bl n\u00e1m v\u0161em hodnoty &hellip; <a href=\"https:\/\/znojmo.casd.cz\/?p=2195\">Cel\u00fd p\u0159\u00edsp\u011bvek <span class=\"meta-nav\">&rarr;<\/span><\/a><\/p>\n","protected":false},"author":1,"featured_media":0,"comment_status":"closed","ping_status":"open","sticky":false,"template":"","format":"standard","meta":{"ngg_post_thumbnail":0,"footnotes":""},"categories":[1],"tags":[],"class_list":["post-2195","post","type-post","status-publish","format-standard","hentry","category-nezarazene"],"_links":{"self":[{"href":"https:\/\/znojmo.casd.cz\/index.php?rest_route=\/wp\/v2\/posts\/2195","targetHints":{"allow":["GET"]}}],"collection":[{"href":"https:\/\/znojmo.casd.cz\/index.php?rest_route=\/wp\/v2\/posts"}],"about":[{"href":"https:\/\/znojmo.casd.cz\/index.php?rest_route=\/wp\/v2\/types\/post"}],"author":[{"embeddable":true,"href":"https:\/\/znojmo.casd.cz\/index.php?rest_route=\/wp\/v2\/users\/1"}],"replies":[{"embeddable":true,"href":"https:\/\/znojmo.casd.cz\/index.php?rest_route=%2Fwp%2Fv2%2Fcomments&post=2195"}],"version-history":[{"count":2,"href":"https:\/\/znojmo.casd.cz\/index.php?rest_route=\/wp\/v2\/posts\/2195\/revisions"}],"predecessor-version":[{"id":2197,"href":"https:\/\/znojmo.casd.cz\/index.php?rest_route=\/wp\/v2\/posts\/2195\/revisions\/2197"}],"wp:attachment":[{"href":"https:\/\/znojmo.casd.cz\/index.php?rest_route=%2Fwp%2Fv2%2Fmedia&parent=2195"}],"wp:term":[{"taxonomy":"category","embeddable":true,"href":"https:\/\/znojmo.casd.cz\/index.php?rest_route=%2Fwp%2Fv2%2Fcategories&post=2195"},{"taxonomy":"post_tag","embeddable":true,"href":"https:\/\/znojmo.casd.cz\/index.php?rest_route=%2Fwp%2Fv2%2Ftags&post=2195"}],"curies":[{"name":"wp","href":"https:\/\/api.w.org\/{rel}","templated":true}]}}